{"id":996,"date":"2013-11-21T07:57:06","date_gmt":"2013-11-21T06:57:06","guid":{"rendered":"http:\/\/www.adspmalaga.org\/?p=996"},"modified":"2013-11-21T07:58:25","modified_gmt":"2013-11-21T06:58:25","slug":"el-indicador-de-exclusion-social-representa-el-28-de-la-poblacion-de-espana","status":"publish","type":"post","link":"https:\/\/www.adspmalaga.org\/?p=996","title":{"rendered":"El indicador de exclusi\u00f3n social representa el 28% de la poblaci\u00f3n de Espa\u00f1a"},"content":{"rendered":"<p>El indicador de exclusi\u00f3n social representa el 28% de la poblaci\u00f3n residente en Espa\u00f1a, el 18,5 % de las personas llega con mucha dificultad a fin de mes, el 40,3% de los parados est\u00e1 en riesgo de pobreza y los ingresos medios de los hogares espa\u00f1oles se han reducido en un 3,5%, respecto a 2011, son algunos de los datos de la Encuesta de Condiciones de Vida (ECV) que ha publicado el Instituto Nacional de Estad\u00edstica (INE).<\/p>\n<p><a href=\"http:\/\/www.actasanitaria.com\/noticias\/actualidad\/articulo-el-indicador-de-exclusion-social-representa-el-28-de-la-poblacion-de-espana.html\">http:\/\/www.actasanitaria.com\/noticias\/actualidad\/articulo-el-indicador-de-exclusion-social-representa-el-28-de-la-poblacion-de-espana.html<\/a><\/p>\n","protected":false},"excerpt":{"rendered":"<p>El indicador de exclusi\u00f3n social representa el 28% de la poblaci\u00f3n residente en Espa\u00f1a, el 18,5 % de las personas llega con mucha dificultad a fin de mes, el 40,3% de los parados est\u00e1 en riesgo de pobreza y los ingresos medios de los hogares espa\u00f1oles se han reducido en un 3,5%, respecto a 2011, &hellip; <\/p>\n<p><a class=\"more-link btn\" href=\"https:\/\/www.adspmalaga.org\/?p=996\">Seguir leyendo<\/a><\/p>\n","protected":false},"author":3,"featured_media":0,"comment_status":"closed","ping_status":"closed","sticky":false,"template":"","format":"standard","meta":[],"categories":[1],"tags":[],"_links":{"self":[{"href":"https:\/\/www.adspmalaga.org\/index.php?rest_route=\/wp\/v2\/posts\/996"}],"collection":[{"href":"https:\/\/www.adspmalaga.org\/index.php?rest_route=\/wp\/v2\/posts"}],"about":[{"href":"https:\/\/www.adspmalaga.org\/index.php?rest_route=\/wp\/v2\/types\/post"}],"author":[{"embeddable":true,"href":"https:\/\/www.adspmalaga.org\/index.php?rest_route=\/wp\/v2\/users\/3"}],"replies":[{"embeddable":true,"href":"https:\/\/www.adspmalaga.org\/index.php?rest_route=%2Fwp%2Fv2%2Fcomments&post=996"}],"version-history":[{"count":2,"href":"https:\/\/www.adspmalaga.org\/index.php?rest_route=\/wp\/v2\/posts\/996\/revisions"}],"predecessor-version":[{"id":998,"href":"https:\/\/www.adspmalaga.org\/index.php?rest_route=\/wp\/v2\/posts\/996\/revisions\/998"}],"wp:attachment":[{"href":"https:\/\/www.adspmalaga.org\/index.php?rest_route=%2Fwp%2Fv2%2Fmedia&parent=996"}],"wp:term":[{"taxonomy":"category","embeddable":true,"href":"https:\/\/www.adspmalaga.org\/index.php?rest_route=%2Fwp%2Fv2%2Fcategories&post=996"},{"taxonomy":"post_tag","embeddable":true,"href":"https:\/\/www.adspmalaga.org\/index.php?rest_route=%2Fwp%2Fv2%2Ftags&post=996"}],"curies":[{"name":"wp","href":"https:\/\/api.w.org\/{rel}","templated":true}]}}